{"id":5323,"date":"2024-03-25T09:00:55","date_gmt":"2024-03-25T09:00:55","guid":{"rendered":"https:\/\/olympiquesspeciauxquebec.ca\/?p=5323"},"modified":"2024-03-25T18:57:56","modified_gmt":"2024-03-25T18:57:56","slug":"vicious-face-off-spring-2024","status":"publish","type":"post","link":"https:\/\/olympiquesspeciauxquebec.ca\/en\/vicious-face-off-spring-2024\/","title":{"rendered":"Vicious Face-Off \u2013 Spring 2024"},"content":{"rendered":"\t\t<div data-elementor-type=\"wp-post\" data-elementor-id=\"5323\" class=\"elementor elementor-5323 elementor-5315\" data-elementor-post-type=\"post\">\n\t\t\t\t\t\t<section class=\"elementor-section elementor-top-section elementor-element elementor-element-c1845c3 elementor-section-content-top elementor-section-full_width elementor-section-height-default elementor-section-height-default\" data-id=\"c1845c3\" data-element_type=\"section\" data-e-type=\"section\" data-settings=\"{&quot;background_background&quot;:&quot;classic&quot;}\">\n\t\t\t\t\t\t<div class=\"elementor-container elementor-column-gap-default\">\n\t\t\t\t\t<div class=\"elementor-column elementor-col-50 elementor-top-column elementor-element elementor-element-01c7413\" data-id=\"01c7413\" data-element_type=\"column\" data-e-type=\"column\">\n\t\t\t<div class=\"elementor-widget-wrap elementor-element-populated\">\n\t\t\t\t\t\t<div class=\"elementor-element elementor-element-0305c33 elementor-widget elementor-widget-text-editor\" data-id=\"0305c33\" data-element_type=\"widget\" data-e-type=\"widget\" data-widget_type=\"text-editor.default\">\n\t\t\t\t<div class=\"elementor-widget-container\">\n\t\t\t\t\t\t\t\t\t<p>Organized by the F\u00e9d\u00e9ration qu\u00e9b\u00e9coise de dynamophilie and Crossfit Ch\u00e2teauguay, the Vicious Face-Off will take place on Saturday, May 25 in Ch\u00e2teauguay.<\/p><p>Special Olympics Qu\u00e9bec athletes will participate in this event.<\/p><p>Crossfit Ch\u00e2teauguay at 2465 Bd Ford #202, Ch\u00e2teauguay, QC J6J 4Z2<\/p>\t\t\t\t\t\t\t\t<\/div>\n\t\t\t\t<\/div>\n\t\t\t\t<div class=\"elementor-element elementor-element-8e2e59a elementor-widget elementor-widget-heading\" data-id=\"8e2e59a\" data-element_type=\"widget\" data-e-type=\"widget\" data-widget_type=\"heading.default\">\n\t\t\t\t<div class=\"elementor-widget-container\">\n\t\t\t\t\t<h3 class=\"elementor-heading-title elementor-size-default\">Partagez...<\/h3>\t\t\t\t<\/div>\n\t\t\t\t<\/div>\n\t\t\t\t<div class=\"elementor-element elementor-element-05bff24 elementor-share-buttons--shape-rounded elementor-share-buttons--view-icon-text elementor-share-buttons--skin-gradient elementor-grid-0 elementor-share-buttons--color-official elementor-widget elementor-widget-share-buttons\" data-id=\"05bff24\" data-element_type=\"widget\" data-e-type=\"widget\" data-widget_type=\"share-buttons.default\">\n\t\t\t\t<div class=\"elementor-widget-container\">\n\t\t\t\t\t\t\t<div class=\"elementor-grid\" role=\"list\">\n\t\t\t\t\t\t\t\t<div class=\"elementor-grid-item\" role=\"listitem\">\n\t\t\t\t\t\t<div class=\"elementor-share-btn elementor-share-btn_facebook\" role=\"button\" tabindex=\"0\" aria-label=\"Share on facebook\">\n\t\t\t\t\t\t\t\t\t\t\t\t\t\t\t<span class=\"elementor-share-btn__icon\">\n\t\t\t\t\t\t\t\t<i class=\"fab fa-facebook\" aria-hidden=\"true\"><\/i>\t\t\t\t\t\t\t<\/span>\n\t\t\t\t\t\t\t\t\t\t\t\t\t\t\t\t\t\t\t\t\t\t<div class=\"elementor-share-btn__text\">\n\t\t\t\t\t\t\t\t\t\t\t\t\t\t\t\t\t\t\t<span class=\"elementor-share-btn__title\">\n\t\t\t\t\t\t\t\t\t\tFacebook\t\t\t\t\t\t\t\t\t<\/span>\n\t\t\t\t\t\t\t\t\t\t\t\t\t\t\t\t\t<\/div>\n\t\t\t\t\t\t\t\t\t\t\t\t\t<\/div>\n\t\t\t\t\t<\/div>\n\t\t\t\t\t\t\t\t\t<div class=\"elementor-grid-item\" role=\"listitem\">\n\t\t\t\t\t\t<div class=\"elementor-share-btn elementor-share-btn_twitter\" role=\"button\" tabindex=\"0\" aria-label=\"Share on twitter\">\n\t\t\t\t\t\t\t\t\t\t\t\t\t\t\t<span class=\"elementor-share-btn__icon\">\n\t\t\t\t\t\t\t\t<i class=\"fab fa-twitter\" aria-hidden=\"true\"><\/i>\t\t\t\t\t\t\t<\/span>\n\t\t\t\t\t\t\t\t\t\t\t\t\t\t\t\t\t\t\t\t\t\t<div class=\"elementor-share-btn__text\">\n\t\t\t\t\t\t\t\t\t\t\t\t\t\t\t\t\t\t\t<span class=\"elementor-share-btn__title\">\n\t\t\t\t\t\t\t\t\t\tTwitter\t\t\t\t\t\t\t\t\t<\/span>\n\t\t\t\t\t\t\t\t\t\t\t\t\t\t\t\t\t<\/div>\n\t\t\t\t\t\t\t\t\t\t\t\t\t<\/div>\n\t\t\t\t\t<\/div>\n\t\t\t\t\t\t\t\t\t<div class=\"elementor-grid-item\" role=\"listitem\">\n\t\t\t\t\t\t<div class=\"elementor-share-btn elementor-share-btn_linkedin\" role=\"button\" tabindex=\"0\" aria-label=\"Share on linkedin\">\n\t\t\t\t\t\t\t\t\t\t\t\t\t\t\t<span class=\"elementor-share-btn__icon\">\n\t\t\t\t\t\t\t\t<i class=\"fab fa-linkedin\" aria-hidden=\"true\"><\/i>\t\t\t\t\t\t\t<\/span>\n\t\t\t\t\t\t\t\t\t\t\t\t\t\t\t\t\t\t\t\t\t\t<div class=\"elementor-share-btn__text\">\n\t\t\t\t\t\t\t\t\t\t\t\t\t\t\t\t\t\t\t<span class=\"elementor-share-btn__title\">\n\t\t\t\t\t\t\t\t\t\tLinkedIn\t\t\t\t\t\t\t\t\t<\/span>\n\t\t\t\t\t\t\t\t\t\t\t\t\t\t\t\t\t<\/div>\n\t\t\t\t\t\t\t\t\t\t\t\t\t<\/div>\n\t\t\t\t\t<\/div>\n\t\t\t\t\t\t<\/div>\n\t\t\t\t\t\t<\/div>\n\t\t\t\t<\/div>\n\t\t\t\t<div class=\"elementor-element elementor-element-dbbdfac elementor-widget elementor-widget-google_maps\" data-id=\"dbbdfac\" data-element_type=\"widget\" data-e-type=\"widget\" data-widget_type=\"google_maps.default\">\n\t\t\t\t<div class=\"elementor-widget-container\">\n\t\t\t\t\t\t\t<div class=\"elementor-custom-embed\">\n\t\t\t<iframe loading=\"lazy\"\n\t\t\t\t\tsrc=\"https:\/\/maps.google.com\/maps?q=2465%20Bd%20Ford%20%23202%2C%20Ch%C3%A2teauguay%2C%20QC%20J6J%204Z2&#038;t=m&#038;z=12&#038;output=embed&#038;iwloc=near\"\n\t\t\t\t\ttitle=\"2465 Bd Ford #202, Ch\u00e2teauguay, QC J6J 4Z2\"\n\t\t\t\t\taria-label=\"2465 Bd Ford #202, Ch\u00e2teauguay, QC J6J 4Z2\"\n\t\t\t><\/iframe>\n\t\t<\/div>\n\t\t\t\t\t\t<\/div>\n\t\t\t\t<\/div>\n\t\t\t\t\t<\/div>\n\t\t<\/div>\n\t\t\t\t<div class=\"elementor-column elementor-col-50 elementor-top-column elementor-element elementor-element-0a347f8\" data-id=\"0a347f8\" data-element_type=\"column\" data-e-type=\"column\">\n\t\t\t<div class=\"elementor-widget-wrap elementor-element-populated\">\n\t\t\t\t\t\t<div class=\"elementor-element elementor-element-1ca0bcc elementor-widget elementor-widget-template\" data-id=\"1ca0bcc\" data-element_type=\"widget\" data-e-type=\"widget\" data-widget_type=\"template.default\">\n\t\t\t\t<div class=\"elementor-widget-container\">\n\t\t\t\t\t\t\t<div class=\"elementor-template\">\n\t\t\t\t\t<div data-elementor-type=\"section\" data-elementor-id=\"1958\" class=\"elementor elementor-1958 elementor-1313 elementor-1313\" data-elementor-post-type=\"elementor_library\">\n\t\t\t\t\t<section class=\"elementor-section elementor-top-section elementor-element elementor-element-477101e elementor-section-full_width elementor-section-content-top elementor-section-height-default elementor-section-height-default\" data-id=\"477101e\" data-element_type=\"section\" data-e-type=\"section\">\n\t\t\t\t\t\t<div class=\"elementor-container elementor-column-gap-default\">\n\t\t\t\t\t<div class=\"elementor-column elementor-col-100 elementor-top-column elementor-element elementor-element-ba53bb9\" data-id=\"ba53bb9\" data-element_type=\"column\" data-e-type=\"column\">\n\t\t\t<div class=\"elementor-widget-wrap elementor-element-populated\">\n\t\t\t\t\t\t<div class=\"elementor-element elementor-element-34d6ff9 elementor-widget elementor-widget-heading\" data-id=\"34d6ff9\" data-element_type=\"widget\" data-e-type=\"widget\" data-widget_type=\"heading.default\">\n\t\t\t\t<div class=\"elementor-widget-container\">\n\t\t\t\t\t<h2 class=\"elementor-heading-title elementor-size-default\">Recent news\n<\/h2>\t\t\t\t<\/div>\n\t\t\t\t<\/div>\n\t\t\t\t<div class=\"elementor-element elementor-element-db274c7 elementor-widget elementor-widget-shortcode\" data-id=\"db274c7\" data-element_type=\"widget\" data-e-type=\"widget\" data-widget_type=\"shortcode.default\">\n\t\t\t\t<div class=\"elementor-widget-container\">\n\t\t\t\t\t\n\t\t\t\t\n     \n\t\t\t<div class=\"elementor-element elementor-element-83cedc2 elementor-element-34d6ff9 elementor-widget elementor-widget-heading\" data-id=\"83cedc2\" data-element_type=\"widget\" data-widget_type=\"heading.default\">\n\t\t\t\t<div class=\"elementor-widget-container\">\n\t\t\t\t\t<h2 class=\"elementor-heading-title elementor-size-default\"> Upcoming events <\/h2>\t\t\n\t\t\t\t<\/div>\n\t\t\t<\/div>\n\n       \n\t\t<div class=\"elementor-element elementor-element-5d4bce3  elementor-element-87d8761 elementor-grid-1 elementor-posts--thumbnail-left elementor-posts--align-left elementor-grid-tablet-2 elementor-grid-mobile-1 elementor-widget elementor-widget-posts\" data-id=\"87d8761\" data-element_type=\"widget\" data-settings=\"{&quot;classic_columns&quot;:&quot;1&quot;,&quot;classic_row_gap&quot;:{&quot;unit&quot;:&quot;px&quot;,&quot;size&quot;:45,&quot;sizes&quot;:[]},&quot;classic_columns_tablet&quot;:&quot;2&quot;,&quot;classic_columns_mobile&quot;:&quot;1&quot;,&quot;classic_row_gap_tablet&quot;:{&quot;unit&quot;:&quot;px&quot;,&quot;size&quot;:&quot;&quot;,&quot;sizes&quot;:[]},&quot;classic_row_gap_mobile&quot;:{&quot;unit&quot;:&quot;px&quot;,&quot;size&quot;:&quot;&quot;,&quot;sizes&quot;:[]}}\" data-widget_type=\"posts.classic\">\n\t\t\t\t<div class=\"elementor-widget-container\"> \n\t\t\t \t\t<div class=\"elementor-posts-container elementor-posts elementor-posts--skin-classic elementor-grid elementor-has-item-ratio\">\n    \n\t\t\t<\/div>\n\t\t<\/div> \n    <\/div>\n\t\t<div class=\"elementor-shortcode\"><\/div>\n\t\t\t\t\t\t<\/div>\n\t\t\t\t<\/div>\n\t\t\t\t\t<\/div>\n\t\t<\/div>\n\t\t\t\t\t<\/div>\n\t\t<\/section>\n\t\t\t\t<\/div>\n\t\t\t\t<\/div>\n\t\t\t\t\t\t<\/div>\n\t\t\t\t<\/div>\n\t\t\t\t\t<\/div>\n\t\t<\/div>\n\t\t\t\t\t<\/div>\n\t\t<\/section>\n\t\t\t\t<section class=\"elementor-section elementor-top-section elementor-element elementor-element-ac18fe1 elementor-section-boxed elementor-section-height-default elementor-section-height-default\" data-id=\"ac18fe1\" data-element_type=\"section\" data-e-type=\"section\">\n\t\t\t\t\t\t<div class=\"elementor-container elementor-column-gap-default\">\n\t\t\t\t\t<div class=\"elementor-column elementor-col-100 elementor-top-column elementor-element elementor-element-4b85602\" data-id=\"4b85602\" data-element_type=\"column\" data-e-type=\"column\">\n\t\t\t<div class=\"elementor-widget-wrap\">\n\t\t\t\t\t\t\t<\/div>\n\t\t<\/div>\n\t\t\t\t\t<\/div>\n\t\t<\/section>\n\t\t\t\t<\/div>\n\t\t","protected":false},"excerpt":{"rendered":"<p>Organized by the F\u00e9d\u00e9ration qu\u00e9b\u00e9coise de dynamophilie and Crossfit Ch\u00e2teauguay, the Vicious Face-Off will take place on Saturday, May 25 in Ch\u00e2teauguay.<\/p>\n","protected":false},"author":2,"featured_media":5319,"comment_status":"closed","ping_status":"closed","sticky":false,"template":"elementor_header_footer","format":"standard","meta":{"_acf_changed":false,"site-sidebar-layout":"default","site-content-layout":"","ast-site-content-layout":"default","site-content-style":"default","site-sidebar-style":"default","ast-global-header-display":"","ast-banner-title-visibility":"","ast-main-header-display":"","ast-hfb-above-header-display":"","ast-hfb-below-header-display":"","ast-hfb-mobile-header-display":"","site-post-title":"","ast-breadcrumbs-content":"","ast-featured-img":"","footer-sml-layout":"","ast-disable-related-posts":"","theme-transparent-header-meta":"","adv-header-id-meta":"","stick-header-meta":"","header-above-stick-meta":"","header-main-stick-meta":"","header-below-stick-meta":"","astra-migrate-meta-layouts":"set","ast-page-background-enabled":"default","ast-page-background-meta":{"desktop":{"background-color":"var(--ast-global-color-4)","background-image":"","background-repeat":"repeat","background-position":"center center","background-size":"auto","background-attachment":"scroll","background-type":"","background-media":"","overlay-type":"","overlay-color":"","overlay-opacity":"","overlay-gradient":""},"tablet":{"background-color":"","background-image":"","background-repeat":"repeat","background-position":"center center","background-size":"auto","background-attachment":"scroll","background-type":"","background-media":"","overlay-type":"","overlay-color":"","overlay-opacity":"","overlay-gradient":""},"mobile":{"background-color":"","background-image":"","background-repeat":"repeat","background-position":"center center","background-size":"auto","background-attachment":"scroll","background-type":"","background-media":"","overlay-type":"","overlay-color":"","overlay-opacity":"","overlay-gradient":""}},"ast-content-background-meta":{"desktop":{"background-color":"var(--ast-global-color-5)","background-image":"","background-repeat":"repeat","background-position":"center center","background-size":"auto","background-attachment":"scroll","background-type":"","background-media":"","overlay-type":"","overlay-color":"","overlay-opacity":"","overlay-gradient":""},"tablet":{"background-color":"var(--ast-global-color-5)","background-image":"","background-repeat":"repeat","background-position":"center center","background-size":"auto","background-attachment":"scroll","background-type":"","background-media":"","overlay-type":"","overlay-color":"","overlay-opacity":"","overlay-gradient":""},"mobile":{"background-color":"var(--ast-global-color-5)","background-image":"","background-repeat":"repeat","background-position":"center center","background-size":"auto","background-attachment":"scroll","background-type":"","background-media":"","overlay-type":"","overlay-color":"","overlay-opacity":"","overlay-gradient":""}},"footnotes":""},"categories":[26],"tags":[],"class_list":["post-5323","post","type-post","status-publish","format-standard","has-post-thumbnail","hentry","category-evenements-en"],"acf":[],"yoast_head":"<!-- This site is optimized with the Yoast SEO plugin v26.9 - https:\/\/yoast.com\/product\/yoast-seo-wordpress\/ -->\n<title>Vicious Face-Off \u2013 Spring 2024 - Olympiques sp\u00e9ciaux Qu\u00e9bec<\/title>\n<meta name=\"robots\" content=\"index, follow, max-snippet:-1, max-image-preview:large, max-video-preview:-1\" \/>\n<link rel=\"canonical\" href=\"https:\/\/olympiquesspeciauxquebec.ca\/en\/vicious-face-off-spring-2024\/\" \/>\n<meta property=\"og:locale\" content=\"en_US\" \/>\n<meta property=\"og:type\" content=\"article\" \/>\n<meta property=\"og:title\" content=\"Vicious Face-Off \u2013 Spring 2024 - Olympiques sp\u00e9ciaux Qu\u00e9bec\" \/>\n<meta property=\"og:description\" content=\"Organized by the F\u00e9d\u00e9ration qu\u00e9b\u00e9coise de dynamophilie and Crossfit Ch\u00e2teauguay, the Vicious Face-Off will take place on Saturday, May 25 in Ch\u00e2teauguay.\" \/>\n<meta property=\"og:url\" content=\"https:\/\/olympiquesspeciauxquebec.ca\/en\/vicious-face-off-spring-2024\/\" \/>\n<meta property=\"og:site_name\" content=\"Olympiques sp\u00e9ciaux Qu\u00e9bec\" \/>\n<meta property=\"article:publisher\" content=\"https:\/\/www.facebook.com\/olympiquesspeciauxquebec\" \/>\n<meta property=\"article:published_time\" content=\"2024-03-25T09:00:55+00:00\" \/>\n<meta property=\"article:modified_time\" content=\"2024-03-25T18:57:56+00:00\" \/>\n<meta property=\"og:image\" content=\"https:\/\/olympiquesspeciauxquebec.ca\/wp-content\/uploads\/2024\/03\/dynamo.jpg\" \/>\n\t<meta property=\"og:image:width\" content=\"1000\" \/>\n\t<meta property=\"og:image:height\" content=\"453\" \/>\n\t<meta property=\"og:image:type\" content=\"image\/jpeg\" \/>\n<meta name=\"author\" content=\"Yvan Labelle\" \/>\n<meta name=\"twitter:card\" content=\"summary_large_image\" \/>\n<meta name=\"twitter:creator\" content=\"@AthletesOSQ\" \/>\n<meta name=\"twitter:site\" content=\"@AthletesOSQ\" \/>\n<meta name=\"twitter:label1\" content=\"Written by\" \/>\n\t<meta name=\"twitter:data1\" content=\"Yvan Labelle\" \/>\n\t<meta name=\"twitter:label2\" content=\"Est. reading time\" \/>\n\t<meta name=\"twitter:data2\" content=\"1 minute\" \/>\n<script type=\"application\/ld+json\" class=\"yoast-schema-graph\">{\"@context\":\"https:\/\/schema.org\",\"@graph\":[{\"@type\":\"Article\",\"@id\":\"https:\/\/olympiquesspeciauxquebec.ca\/en\/vicious-face-off-spring-2024\/#article\",\"isPartOf\":{\"@id\":\"https:\/\/olympiquesspeciauxquebec.ca\/en\/vicious-face-off-spring-2024\/\"},\"author\":{\"name\":\"Yvan Labelle\",\"@id\":\"https:\/\/olympiquesspeciauxquebec.ca\/#\/schema\/person\/038abc0c02ad642a1f43cafe796ecdc7\"},\"headline\":\"Vicious Face-Off \u2013 Spring 2024\",\"datePublished\":\"2024-03-25T09:00:55+00:00\",\"dateModified\":\"2024-03-25T18:57:56+00:00\",\"mainEntityOfPage\":{\"@id\":\"https:\/\/olympiquesspeciauxquebec.ca\/en\/vicious-face-off-spring-2024\/\"},\"wordCount\":56,\"publisher\":{\"@id\":\"https:\/\/olympiquesspeciauxquebec.ca\/#organization\"},\"image\":{\"@id\":\"https:\/\/olympiquesspeciauxquebec.ca\/en\/vicious-face-off-spring-2024\/#primaryimage\"},\"thumbnailUrl\":\"https:\/\/olympiquesspeciauxquebec.ca\/wp-content\/uploads\/2024\/03\/dynamo.jpg\",\"articleSection\":[\"\u00c9v\u00e8nements\"],\"inLanguage\":\"en-US\"},{\"@type\":\"WebPage\",\"@id\":\"https:\/\/olympiquesspeciauxquebec.ca\/en\/vicious-face-off-spring-2024\/\",\"url\":\"https:\/\/olympiquesspeciauxquebec.ca\/en\/vicious-face-off-spring-2024\/\",\"name\":\"Vicious Face-Off \u2013 Spring 2024 - Olympiques sp\u00e9ciaux Qu\u00e9bec\",\"isPartOf\":{\"@id\":\"https:\/\/olympiquesspeciauxquebec.ca\/#website\"},\"primaryImageOfPage\":{\"@id\":\"https:\/\/olympiquesspeciauxquebec.ca\/en\/vicious-face-off-spring-2024\/#primaryimage\"},\"image\":{\"@id\":\"https:\/\/olympiquesspeciauxquebec.ca\/en\/vicious-face-off-spring-2024\/#primaryimage\"},\"thumbnailUrl\":\"https:\/\/olympiquesspeciauxquebec.ca\/wp-content\/uploads\/2024\/03\/dynamo.jpg\",\"datePublished\":\"2024-03-25T09:00:55+00:00\",\"dateModified\":\"2024-03-25T18:57:56+00:00\",\"breadcrumb\":{\"@id\":\"https:\/\/olympiquesspeciauxquebec.ca\/en\/vicious-face-off-spring-2024\/#breadcrumb\"},\"inLanguage\":\"en-US\",\"potentialAction\":[{\"@type\":\"ReadAction\",\"target\":[\"https:\/\/olympiquesspeciauxquebec.ca\/en\/vicious-face-off-spring-2024\/\"]}]},{\"@type\":\"ImageObject\",\"inLanguage\":\"en-US\",\"@id\":\"https:\/\/olympiquesspeciauxquebec.ca\/en\/vicious-face-off-spring-2024\/#primaryimage\",\"url\":\"https:\/\/olympiquesspeciauxquebec.ca\/wp-content\/uploads\/2024\/03\/dynamo.jpg\",\"contentUrl\":\"https:\/\/olympiquesspeciauxquebec.ca\/wp-content\/uploads\/2024\/03\/dynamo.jpg\",\"width\":1000,\"height\":453},{\"@type\":\"BreadcrumbList\",\"@id\":\"https:\/\/olympiquesspeciauxquebec.ca\/en\/vicious-face-off-spring-2024\/#breadcrumb\",\"itemListElement\":[{\"@type\":\"ListItem\",\"position\":1,\"name\":\"Home\",\"item\":\"https:\/\/olympiquesspeciauxquebec.ca\/en\/\"},{\"@type\":\"ListItem\",\"position\":2,\"name\":\"Vicious Face-Off \u2013 Spring 2024\"}]},{\"@type\":\"WebSite\",\"@id\":\"https:\/\/olympiquesspeciauxquebec.ca\/#website\",\"url\":\"https:\/\/olympiquesspeciauxquebec.ca\/\",\"name\":\"Olympiques sp\u00e9ciaux Qu\u00e9bec\",\"description\":\"Olympiques sp\u00e9ciaux Qu\u00e9bec\",\"publisher\":{\"@id\":\"https:\/\/olympiquesspeciauxquebec.ca\/#organization\"},\"potentialAction\":[{\"@type\":\"SearchAction\",\"target\":{\"@type\":\"EntryPoint\",\"urlTemplate\":\"https:\/\/olympiquesspeciauxquebec.ca\/?s={search_term_string}\"},\"query-input\":{\"@type\":\"PropertyValueSpecification\",\"valueRequired\":true,\"valueName\":\"search_term_string\"}}],\"inLanguage\":\"en-US\"},{\"@type\":\"Organization\",\"@id\":\"https:\/\/olympiquesspeciauxquebec.ca\/#organization\",\"name\":\"Olympiques sp\u00e9ciaux Qu\u00e9bec\",\"url\":\"https:\/\/olympiquesspeciauxquebec.ca\/\",\"logo\":{\"@type\":\"ImageObject\",\"inLanguage\":\"en-US\",\"@id\":\"https:\/\/olympiquesspeciauxquebec.ca\/#\/schema\/logo\/image\/\",\"url\":\"https:\/\/olympiquesspeciauxquebec.ca\/wp-content\/uploads\/2023\/04\/logo.png\",\"contentUrl\":\"https:\/\/olympiquesspeciauxquebec.ca\/wp-content\/uploads\/2023\/04\/logo.png\",\"width\":1280,\"height\":384,\"caption\":\"Olympiques sp\u00e9ciaux Qu\u00e9bec\"},\"image\":{\"@id\":\"https:\/\/olympiquesspeciauxquebec.ca\/#\/schema\/logo\/image\/\"},\"sameAs\":[\"https:\/\/www.facebook.com\/olympiquesspeciauxquebec\",\"https:\/\/x.com\/AthletesOSQ\",\"https:\/\/www.instagram.com\/olympiques_speciaux_qc\/\",\"https:\/\/www.linkedin.com\/company\/olympiques-speciaux-quebec\/\",\"https:\/\/www.youtube.com\/@olympiquesspeciauxquebec2145\"]},{\"@type\":\"Person\",\"@id\":\"https:\/\/olympiquesspeciauxquebec.ca\/#\/schema\/person\/038abc0c02ad642a1f43cafe796ecdc7\",\"name\":\"Yvan Labelle\",\"image\":{\"@type\":\"ImageObject\",\"inLanguage\":\"en-US\",\"@id\":\"https:\/\/olympiquesspeciauxquebec.ca\/#\/schema\/person\/image\/\",\"url\":\"https:\/\/secure.gravatar.com\/avatar\/0ad8f7743aa180e514616c5d055f24fdfae4adb5214f5a0305badf72c60a1e1a?s=96&d=mm&r=g\",\"contentUrl\":\"https:\/\/secure.gravatar.com\/avatar\/0ad8f7743aa180e514616c5d055f24fdfae4adb5214f5a0305badf72c60a1e1a?s=96&d=mm&r=g\",\"caption\":\"Yvan Labelle\"},\"url\":\"https:\/\/olympiquesspeciauxquebec.ca\/en\/author\/yvan-labelle\/\"}]}<\/script>\n<!-- \/ Yoast SEO plugin. -->","yoast_head_json":{"title":"Vicious Face-Off \u2013 Spring 2024 - Olympiques sp\u00e9ciaux Qu\u00e9bec","robots":{"index":"index","follow":"follow","max-snippet":"max-snippet:-1","max-image-preview":"max-image-preview:large","max-video-preview":"max-video-preview:-1"},"canonical":"https:\/\/olympiquesspeciauxquebec.ca\/en\/vicious-face-off-spring-2024\/","og_locale":"en_US","og_type":"article","og_title":"Vicious Face-Off \u2013 Spring 2024 - Olympiques sp\u00e9ciaux Qu\u00e9bec","og_description":"Organized by the F\u00e9d\u00e9ration qu\u00e9b\u00e9coise de dynamophilie and Crossfit Ch\u00e2teauguay, the Vicious Face-Off will take place on Saturday, May 25 in Ch\u00e2teauguay.","og_url":"https:\/\/olympiquesspeciauxquebec.ca\/en\/vicious-face-off-spring-2024\/","og_site_name":"Olympiques sp\u00e9ciaux Qu\u00e9bec","article_publisher":"https:\/\/www.facebook.com\/olympiquesspeciauxquebec","article_published_time":"2024-03-25T09:00:55+00:00","article_modified_time":"2024-03-25T18:57:56+00:00","og_image":[{"width":1000,"height":453,"url":"https:\/\/olympiquesspeciauxquebec.ca\/wp-content\/uploads\/2024\/03\/dynamo.jpg","type":"image\/jpeg"}],"author":"Yvan Labelle","twitter_card":"summary_large_image","twitter_creator":"@AthletesOSQ","twitter_site":"@AthletesOSQ","twitter_misc":{"Written by":"Yvan Labelle","Est. reading time":"1 minute"},"schema":{"@context":"https:\/\/schema.org","@graph":[{"@type":"Article","@id":"https:\/\/olympiquesspeciauxquebec.ca\/en\/vicious-face-off-spring-2024\/#article","isPartOf":{"@id":"https:\/\/olympiquesspeciauxquebec.ca\/en\/vicious-face-off-spring-2024\/"},"author":{"name":"Yvan Labelle","@id":"https:\/\/olympiquesspeciauxquebec.ca\/#\/schema\/person\/038abc0c02ad642a1f43cafe796ecdc7"},"headline":"Vicious Face-Off \u2013 Spring 2024","datePublished":"2024-03-25T09:00:55+00:00","dateModified":"2024-03-25T18:57:56+00:00","mainEntityOfPage":{"@id":"https:\/\/olympiquesspeciauxquebec.ca\/en\/vicious-face-off-spring-2024\/"},"wordCount":56,"publisher":{"@id":"https:\/\/olympiquesspeciauxquebec.ca\/#organization"},"image":{"@id":"https:\/\/olympiquesspeciauxquebec.ca\/en\/vicious-face-off-spring-2024\/#primaryimage"},"thumbnailUrl":"https:\/\/olympiquesspeciauxquebec.ca\/wp-content\/uploads\/2024\/03\/dynamo.jpg","articleSection":["\u00c9v\u00e8nements"],"inLanguage":"en-US"},{"@type":"WebPage","@id":"https:\/\/olympiquesspeciauxquebec.ca\/en\/vicious-face-off-spring-2024\/","url":"https:\/\/olympiquesspeciauxquebec.ca\/en\/vicious-face-off-spring-2024\/","name":"Vicious Face-Off \u2013 Spring 2024 - Olympiques sp\u00e9ciaux Qu\u00e9bec","isPartOf":{"@id":"https:\/\/olympiquesspeciauxquebec.ca\/#website"},"primaryImageOfPage":{"@id":"https:\/\/olympiquesspeciauxquebec.ca\/en\/vicious-face-off-spring-2024\/#primaryimage"},"image":{"@id":"https:\/\/olympiquesspeciauxquebec.ca\/en\/vicious-face-off-spring-2024\/#primaryimage"},"thumbnailUrl":"https:\/\/olympiquesspeciauxquebec.ca\/wp-content\/uploads\/2024\/03\/dynamo.jpg","datePublished":"2024-03-25T09:00:55+00:00","dateModified":"2024-03-25T18:57:56+00:00","breadcrumb":{"@id":"https:\/\/olympiquesspeciauxquebec.ca\/en\/vicious-face-off-spring-2024\/#breadcrumb"},"inLanguage":"en-US","potentialAction":[{"@type":"ReadAction","target":["https:\/\/olympiquesspeciauxquebec.ca\/en\/vicious-face-off-spring-2024\/"]}]},{"@type":"ImageObject","inLanguage":"en-US","@id":"https:\/\/olympiquesspeciauxquebec.ca\/en\/vicious-face-off-spring-2024\/#primaryimage","url":"https:\/\/olympiquesspeciauxquebec.ca\/wp-content\/uploads\/2024\/03\/dynamo.jpg","contentUrl":"https:\/\/olympiquesspeciauxquebec.ca\/wp-content\/uploads\/2024\/03\/dynamo.jpg","width":1000,"height":453},{"@type":"BreadcrumbList","@id":"https:\/\/olympiquesspeciauxquebec.ca\/en\/vicious-face-off-spring-2024\/#breadcrumb","itemListElement":[{"@type":"ListItem","position":1,"name":"Home","item":"https:\/\/olympiquesspeciauxquebec.ca\/en\/"},{"@type":"ListItem","position":2,"name":"Vicious Face-Off \u2013 Spring 2024"}]},{"@type":"WebSite","@id":"https:\/\/olympiquesspeciauxquebec.ca\/#website","url":"https:\/\/olympiquesspeciauxquebec.ca\/","name":"Olympiques sp\u00e9ciaux Qu\u00e9bec","description":"Olympiques sp\u00e9ciaux Qu\u00e9bec","publisher":{"@id":"https:\/\/olympiquesspeciauxquebec.ca\/#organization"},"potentialAction":[{"@type":"SearchAction","target":{"@type":"EntryPoint","urlTemplate":"https:\/\/olympiquesspeciauxquebec.ca\/?s={search_term_string}"},"query-input":{"@type":"PropertyValueSpecification","valueRequired":true,"valueName":"search_term_string"}}],"inLanguage":"en-US"},{"@type":"Organization","@id":"https:\/\/olympiquesspeciauxquebec.ca\/#organization","name":"Olympiques sp\u00e9ciaux Qu\u00e9bec","url":"https:\/\/olympiquesspeciauxquebec.ca\/","logo":{"@type":"ImageObject","inLanguage":"en-US","@id":"https:\/\/olympiquesspeciauxquebec.ca\/#\/schema\/logo\/image\/","url":"https:\/\/olympiquesspeciauxquebec.ca\/wp-content\/uploads\/2023\/04\/logo.png","contentUrl":"https:\/\/olympiquesspeciauxquebec.ca\/wp-content\/uploads\/2023\/04\/logo.png","width":1280,"height":384,"caption":"Olympiques sp\u00e9ciaux Qu\u00e9bec"},"image":{"@id":"https:\/\/olympiquesspeciauxquebec.ca\/#\/schema\/logo\/image\/"},"sameAs":["https:\/\/www.facebook.com\/olympiquesspeciauxquebec","https:\/\/x.com\/AthletesOSQ","https:\/\/www.instagram.com\/olympiques_speciaux_qc\/","https:\/\/www.linkedin.com\/company\/olympiques-speciaux-quebec\/","https:\/\/www.youtube.com\/@olympiquesspeciauxquebec2145"]},{"@type":"Person","@id":"https:\/\/olympiquesspeciauxquebec.ca\/#\/schema\/person\/038abc0c02ad642a1f43cafe796ecdc7","name":"Yvan Labelle","image":{"@type":"ImageObject","inLanguage":"en-US","@id":"https:\/\/olympiquesspeciauxquebec.ca\/#\/schema\/person\/image\/","url":"https:\/\/secure.gravatar.com\/avatar\/0ad8f7743aa180e514616c5d055f24fdfae4adb5214f5a0305badf72c60a1e1a?s=96&d=mm&r=g","contentUrl":"https:\/\/secure.gravatar.com\/avatar\/0ad8f7743aa180e514616c5d055f24fdfae4adb5214f5a0305badf72c60a1e1a?s=96&d=mm&r=g","caption":"Yvan Labelle"},"url":"https:\/\/olympiquesspeciauxquebec.ca\/en\/author\/yvan-labelle\/"}]}},"_links":{"self":[{"href":"https:\/\/olympiquesspeciauxquebec.ca\/en\/wp-json\/wp\/v2\/posts\/5323","targetHints":{"allow":["GET"]}}],"collection":[{"href":"https:\/\/olympiquesspeciauxquebec.ca\/en\/wp-json\/wp\/v2\/posts"}],"about":[{"href":"https:\/\/olympiquesspeciauxquebec.ca\/en\/wp-json\/wp\/v2\/types\/post"}],"author":[{"embeddable":true,"href":"https:\/\/olympiquesspeciauxquebec.ca\/en\/wp-json\/wp\/v2\/users\/2"}],"replies":[{"embeddable":true,"href":"https:\/\/olympiquesspeciauxquebec.ca\/en\/wp-json\/wp\/v2\/comments?post=5323"}],"version-history":[{"count":9,"href":"https:\/\/olympiquesspeciauxquebec.ca\/en\/wp-json\/wp\/v2\/posts\/5323\/revisions"}],"predecessor-version":[{"id":5335,"href":"https:\/\/olympiquesspeciauxquebec.ca\/en\/wp-json\/wp\/v2\/posts\/5323\/revisions\/5335"}],"wp:featuredmedia":[{"embeddable":true,"href":"https:\/\/olympiquesspeciauxquebec.ca\/en\/wp-json\/wp\/v2\/media\/5319"}],"wp:attachment":[{"href":"https:\/\/olympiquesspeciauxquebec.ca\/en\/wp-json\/wp\/v2\/media?parent=5323"}],"wp:term":[{"taxonomy":"category","embeddable":true,"href":"https:\/\/olympiquesspeciauxquebec.ca\/en\/wp-json\/wp\/v2\/categories?post=5323"},{"taxonomy":"post_tag","embeddable":true,"href":"https:\/\/olympiquesspeciauxquebec.ca\/en\/wp-json\/wp\/v2\/tags?post=5323"}],"curies":[{"name":"wp","href":"https:\/\/api.w.org\/{rel}","templated":true}]}}