{"id":8033,"date":"2026-04-28T21:34:22","date_gmt":"2026-04-28T21:34:22","guid":{"rendered":"https:\/\/olympiquesspeciauxquebec.ca\/?p=8033"},"modified":"2026-04-28T21:52:05","modified_gmt":"2026-04-28T21:52:05","slug":"2026-polar-bear-challenge-a-campaign-with-far-reaching-impact","status":"publish","type":"post","link":"https:\/\/olympiquesspeciauxquebec.ca\/en\/2026-polar-bear-challenge-a-campaign-with-far-reaching-impact\/","title":{"rendered":"2026 Polar Bear Challenge: A campaign with far-reaching impact!"},"content":{"rendered":"\t\t<div data-elementor-type=\"wp-post\" data-elementor-id=\"8033\" class=\"elementor elementor-8033 elementor-8026\" data-elementor-post-type=\"post\">\n\t\t\t\t\t\t<section class=\"elementor-section elementor-top-section elementor-element elementor-element-eb6681d elementor-section-content-top elementor-section-full_width elementor-section-height-default elementor-section-height-default\" data-id=\"eb6681d\" data-element_type=\"section\" data-e-type=\"section\" data-settings=\"{&quot;background_background&quot;:&quot;classic&quot;}\">\n\t\t\t\t\t\t<div class=\"elementor-container elementor-column-gap-default\">\n\t\t\t\t\t<div class=\"elementor-column elementor-col-50 elementor-top-column elementor-element elementor-element-3a778e9\" data-id=\"3a778e9\" data-element_type=\"column\" data-e-type=\"column\">\n\t\t\t<div class=\"elementor-widget-wrap elementor-element-populated\">\n\t\t\t\t\t\t<div class=\"elementor-element elementor-element-df6e45f elementor-widget elementor-widget-text-editor\" data-id=\"df6e45f\" data-element_type=\"widget\" data-e-type=\"widget\" data-widget_type=\"text-editor.default\">\n\t\t\t\t<div class=\"elementor-widget-container\">\n\t\t\t\t\t\t\t\t\t<p>On Friday, April 24, a long-awaited moment finally arrived: the presentation of a check for $325,907.11, the amount raised through the 2026 Polar Bear Challenge. Beyond the monetary amount, it is the sheer scale of the commitment behind this initiative that deserves special recognition.<\/p><p><img fetchpriority=\"high\" decoding=\"async\" class=\"aligncenter wp-image-8028 size-large\" src=\"https:\/\/olympiquesspeciauxquebec.ca\/wp-content\/uploads\/2026\/04\/IMG_6426-2-small-1024x706.jpg\" alt=\"\" width=\"1024\" height=\"706\" srcset=\"https:\/\/olympiquesspeciauxquebec.ca\/wp-content\/uploads\/2026\/04\/IMG_6426-2-small-1024x706.jpg 1024w, https:\/\/olympiquesspeciauxquebec.ca\/wp-content\/uploads\/2026\/04\/IMG_6426-2-small-300x207.jpg 300w, https:\/\/olympiquesspeciauxquebec.ca\/wp-content\/uploads\/2026\/04\/IMG_6426-2-small-768x529.jpg 768w, https:\/\/olympiquesspeciauxquebec.ca\/wp-content\/uploads\/2026\/04\/IMG_6426-2-small-1536x1058.jpg 1536w, https:\/\/olympiquesspeciauxquebec.ca\/wp-content\/uploads\/2026\/04\/IMG_6426-2-small.jpg 2000w\" sizes=\"(max-width: 1024px) 100vw, 1024px\" \/>For behind every dollar lies hours of preparation, coordination, and volunteer involvement. A mobilization driven, year after year, by Law Enforcement Torch Run\u00ae (LETR), whose efforts are part of a global movement uniting thousands of officers committed to a single cause: Special Olympics.<\/p><p>In Quebec, this mission is rooted in active involvement, engaging the entire law enforcement community. The LETR does more than just raise funds: it raises awareness, brings people together, and gives a voice to a reality that remains all too invisible.<\/p><p>The success of this year\u2019s Challenge rests in large part on the leadership of the Torch Run committee, led by Sylvain Chevalier (Chief of the Mascouche Police Service and Provincial Director of the Law Enforcement Torch Run), supported by Deputy Director Pascal Richard (Chief Inspector with the Montreal Police Service).<\/p><p>Alongside them, a team of dedicated organizers helped make this fundraising event a memorable occasion:<\/p><ul><li>Mr. Pierre-Luc Gauthier, Commander, Chief of the Specialized Communications Section (Montreal Police Service)<\/li><li>Mr. Carl Vignola, Intelligence Officer (Montreal Police Service)<\/li><li>Mr. Laurent Lisio, Vice President of Communications and Member Relations (Montreal Police Brotherhood)<\/li><li>Ms. \u00c9milie Bruneau, Communications Advisor (Quebec City Police Service)<\/li><li>Mr. Geoffrey Magher, Inspector, Commander (Quebec City Police Service)<\/li><li>Mr. St\u00e9phane H\u00e9lie, Captain, Director of the Drummondville Service Center (S\u00fbret\u00e9 du Qu\u00e9bec)<\/li><li>Mr. \u00c9ric Laurendeau, Inspector, Commander, Estrie and Centre-du-Qu\u00e9bec Region (S\u00fbret\u00e9 du Qu\u00e9bec)<\/li><li>Mr. Fr\u00e9d\u00e9ric Salvas, Station Commander, Drummond RCM (S\u00fbret\u00e9 du Qu\u00e9bec)<\/li><li>Mr. Richard Gauthier, Retired, formerly Inspector and Deputy Director of the Communications and International Relations Division (S\u00fbret\u00e9 du Qu\u00e9bec)<\/li><li>Mr. James Brito, Officer, Neighborhood Resolution and Preventive Actions (Gatineau Police Service)<\/li><li>Ms. Kim Dery, Officer, Neighborhood Resolution and Preventive Actions (Gatineau Police Service)<\/li><\/ul><p>Their work, often behind the scenes, forms the backbone of this type of initiative. Planning, mobilizing, coordinating\u2014these are the actions that bring the event to life and attract a growing number of participants and partners.<\/p><p>Thanks to their efforts, hundreds of police officers answered the call, taking on the challenge with courage and dedication to the athletes. A concrete demonstration of what it means to be a peace officer: to protect, but also to support, bring together, and help grow one\u2019s community.<\/p><p>This Challenge would not have been possible without the invaluable support of the Caisse Desjardins des policiers et polici\u00e8res, a key partner of the LETR; the Association des polici\u00e8res et policiers du Qu\u00e9bec (APPQ), the provincial sponsor; and the Fraternit\u00e9 des policiers et polici\u00e8res, the Challenge\u2019s Montreal partner. Their support, along with that of many other partners and sponsors, demonstrates a vital collective commitment.<\/p><p>The amount donated will have a very tangible impact. It will help support the activities of Special Olympics Qu\u00e9bec, enabling athletes with autism or intellectual disabilities to continue to thrive in inclusive environments, develop their independence, and push their own limits. Behind these programs lie transformed life stories, opportunities for personal growth, and spaces where everyone can find their place.<\/p><p>More than just a fundraising event, the Polar Bear Challenge serves as a reminder that community engagement remains a powerful force. And that, when undertaken collectively, it can truly make a difference.<\/p>\t\t\t\t\t\t\t\t<\/div>\n\t\t\t\t<\/div>\n\t\t\t\t<div class=\"elementor-element elementor-element-56046dd elementor-widget elementor-widget-gallery\" data-id=\"56046dd\" data-element_type=\"widget\" data-e-type=\"widget\" data-settings=\"{&quot;gallery_layout&quot;:&quot;masonry&quot;,&quot;lazyload&quot;:&quot;yes&quot;,&quot;columns&quot;:4,&quot;columns_tablet&quot;:2,&quot;columns_mobile&quot;:1,&quot;gap&quot;:{&quot;unit&quot;:&quot;px&quot;,&quot;size&quot;:10,&quot;sizes&quot;:[]},&quot;gap_tablet&quot;:{&quot;unit&quot;:&quot;px&quot;,&quot;size&quot;:10,&quot;sizes&quot;:[]},&quot;gap_mobile&quot;:{&quot;unit&quot;:&quot;px&quot;,&quot;size&quot;:10,&quot;sizes&quot;:[]},&quot;link_to&quot;:&quot;file&quot;,&quot;overlay_background&quot;:&quot;yes&quot;,&quot;content_hover_animation&quot;:&quot;fade-in&quot;}\" data-widget_type=\"gallery.default\">\n\t\t\t\t<div class=\"elementor-widget-container\">\n\t\t\t\t\t\t\t<div class=\"elementor-gallery__container\">\n\t\t\t\t\t\t\t<a class=\"e-gallery-item elementor-gallery-item elementor-animated-content\" href=\"https:\/\/olympiquesspeciauxquebec.ca\/wp-content\/uploads\/2026\/04\/MG_8844-1.jpg\" data-elementor-open-lightbox=\"yes\" data-elementor-lightbox-slideshow=\"56046dd\" data-elementor-lightbox-title=\"MG_8844.jpg\" data-e-action-hash=\"#elementor-action%3Aaction%3Dlightbox%26settings%3DeyJpZCI6ODAwNSwidXJsIjoiaHR0cHM6XC9cL29seW1waXF1ZXNzcGVjaWF1eHF1ZWJlYy5jYVwvd3AtY29udGVudFwvdXBsb2Fkc1wvMjAyNlwvMDRcL01HXzg4NDQtMS5qcGciLCJzbGlkZXNob3ciOiI1NjA0NmRkIn0%3D\">\n\t\t\t\t\t<div class=\"e-gallery-image elementor-gallery-item__image\" data-thumbnail=\"https:\/\/olympiquesspeciauxquebec.ca\/wp-content\/uploads\/2026\/04\/MG_8844-1-200x300.jpg\" data-width=\"200\" data-height=\"300\" aria-label=\"\" role=\"img\" ><\/div>\n\t\t\t\t\t\t\t\t\t\t\t<div class=\"elementor-gallery-item__overlay\"><\/div>\n\t\t\t\t\t\t\t\t\t\t\t\t\t\t<\/a>\n\t\t\t\t\t\t\t<a class=\"e-gallery-item elementor-gallery-item elementor-animated-content\" href=\"https:\/\/olympiquesspeciauxquebec.ca\/wp-content\/uploads\/2026\/04\/MG_8851-1.jpg\" data-elementor-open-lightbox=\"yes\" data-elementor-lightbox-slideshow=\"56046dd\" data-elementor-lightbox-title=\"MG_8851.jpg\" data-e-action-hash=\"#elementor-action%3Aaction%3Dlightbox%26settings%3DeyJpZCI6ODAwNywidXJsIjoiaHR0cHM6XC9cL29seW1waXF1ZXNzcGVjaWF1eHF1ZWJlYy5jYVwvd3AtY29udGVudFwvdXBsb2Fkc1wvMjAyNlwvMDRcL01HXzg4NTEtMS5qcGciLCJzbGlkZXNob3ciOiI1NjA0NmRkIn0%3D\">\n\t\t\t\t\t<div class=\"e-gallery-image elementor-gallery-item__image\" data-thumbnail=\"https:\/\/olympiquesspeciauxquebec.ca\/wp-content\/uploads\/2026\/04\/MG_8851-1-300x200.jpg\" data-width=\"300\" data-height=\"200\" aria-label=\"\" role=\"img\" ><\/div>\n\t\t\t\t\t\t\t\t\t\t\t<div class=\"elementor-gallery-item__overlay\"><\/div>\n\t\t\t\t\t\t\t\t\t\t\t\t\t\t<\/a>\n\t\t\t\t\t\t\t<a class=\"e-gallery-item elementor-gallery-item elementor-animated-content\" href=\"https:\/\/olympiquesspeciauxquebec.ca\/wp-content\/uploads\/2026\/04\/DSC_5239-1.jpg\" data-elementor-open-lightbox=\"yes\" data-elementor-lightbox-slideshow=\"56046dd\" data-elementor-lightbox-title=\"DSC_5239.jpg\" data-e-action-hash=\"#elementor-action%3Aaction%3Dlightbox%26settings%3DeyJpZCI6ODAwOSwidXJsIjoiaHR0cHM6XC9cL29seW1waXF1ZXNzcGVjaWF1eHF1ZWJlYy5jYVwvd3AtY29udGVudFwvdXBsb2Fkc1wvMjAyNlwvMDRcL0RTQ181MjM5LTEuanBnIiwic2xpZGVzaG93IjoiNTYwNDZkZCJ9\">\n\t\t\t\t\t<div class=\"e-gallery-image elementor-gallery-item__image\" data-thumbnail=\"https:\/\/olympiquesspeciauxquebec.ca\/wp-content\/uploads\/2026\/04\/DSC_5239-1-300x300.jpg\" data-width=\"300\" data-height=\"300\" aria-label=\"\" role=\"img\" ><\/div>\n\t\t\t\t\t\t\t\t\t\t\t<div class=\"elementor-gallery-item__overlay\"><\/div>\n\t\t\t\t\t\t\t\t\t\t\t\t\t\t<\/a>\n\t\t\t\t\t\t\t<a class=\"e-gallery-item elementor-gallery-item elementor-animated-content\" href=\"https:\/\/olympiquesspeciauxquebec.ca\/wp-content\/uploads\/2026\/04\/DSC_5276-1.jpg\" data-elementor-open-lightbox=\"yes\" data-elementor-lightbox-slideshow=\"56046dd\" data-elementor-lightbox-title=\"DSC_5276.jpg\" data-e-action-hash=\"#elementor-action%3Aaction%3Dlightbox%26settings%3DeyJpZCI6ODAxMSwidXJsIjoiaHR0cHM6XC9cL29seW1waXF1ZXNzcGVjaWF1eHF1ZWJlYy5jYVwvd3AtY29udGVudFwvdXBsb2Fkc1wvMjAyNlwvMDRcL0RTQ181Mjc2LTEuanBnIiwic2xpZGVzaG93IjoiNTYwNDZkZCJ9\">\n\t\t\t\t\t<div class=\"e-gallery-image elementor-gallery-item__image\" data-thumbnail=\"https:\/\/olympiquesspeciauxquebec.ca\/wp-content\/uploads\/2026\/04\/DSC_5276-1-300x166.jpg\" data-width=\"300\" data-height=\"166\" aria-label=\"\" role=\"img\" ><\/div>\n\t\t\t\t\t\t\t\t\t\t\t<div class=\"elementor-gallery-item__overlay\"><\/div>\n\t\t\t\t\t\t\t\t\t\t\t\t\t\t<\/a>\n\t\t\t\t\t\t\t<a class=\"e-gallery-item elementor-gallery-item elementor-animated-content\" href=\"https:\/\/olympiquesspeciauxquebec.ca\/wp-content\/uploads\/2026\/04\/DSC_5364-1.jpg\" data-elementor-open-lightbox=\"yes\" data-elementor-lightbox-slideshow=\"56046dd\" data-elementor-lightbox-title=\"DSC_5364.jpg\" data-e-action-hash=\"#elementor-action%3Aaction%3Dlightbox%26settings%3DeyJpZCI6ODAxMywidXJsIjoiaHR0cHM6XC9cL29seW1waXF1ZXNzcGVjaWF1eHF1ZWJlYy5jYVwvd3AtY29udGVudFwvdXBsb2Fkc1wvMjAyNlwvMDRcL0RTQ181MzY0LTEuanBnIiwic2xpZGVzaG93IjoiNTYwNDZkZCJ9\">\n\t\t\t\t\t<div class=\"e-gallery-image elementor-gallery-item__image\" data-thumbnail=\"https:\/\/olympiquesspeciauxquebec.ca\/wp-content\/uploads\/2026\/04\/DSC_5364-1-209x300.jpg\" data-width=\"209\" data-height=\"300\" aria-label=\"\" role=\"img\" ><\/div>\n\t\t\t\t\t\t\t\t\t\t\t<div class=\"elementor-gallery-item__overlay\"><\/div>\n\t\t\t\t\t\t\t\t\t\t\t\t\t\t<\/a>\n\t\t\t\t\t\t\t<a class=\"e-gallery-item elementor-gallery-item elementor-animated-content\" href=\"https:\/\/olympiquesspeciauxquebec.ca\/wp-content\/uploads\/2026\/04\/IMG_8107-1.jpg\" data-elementor-open-lightbox=\"yes\" data-elementor-lightbox-slideshow=\"56046dd\" data-elementor-lightbox-title=\"IMG_8107.jpg\" data-e-action-hash=\"#elementor-action%3Aaction%3Dlightbox%26settings%3DeyJpZCI6ODAxNSwidXJsIjoiaHR0cHM6XC9cL29seW1waXF1ZXNzcGVjaWF1eHF1ZWJlYy5jYVwvd3AtY29udGVudFwvdXBsb2Fkc1wvMjAyNlwvMDRcL0lNR184MTA3LTEuanBnIiwic2xpZGVzaG93IjoiNTYwNDZkZCJ9\">\n\t\t\t\t\t<div class=\"e-gallery-image elementor-gallery-item__image\" data-thumbnail=\"https:\/\/olympiquesspeciauxquebec.ca\/wp-content\/uploads\/2026\/04\/IMG_8107-1-300x200.jpg\" data-width=\"300\" data-height=\"200\" aria-label=\"\" role=\"img\" ><\/div>\n\t\t\t\t\t\t\t\t\t\t\t<div class=\"elementor-gallery-item__overlay\"><\/div>\n\t\t\t\t\t\t\t\t\t\t\t\t\t\t<\/a>\n\t\t\t\t\t\t\t<a class=\"e-gallery-item elementor-gallery-item elementor-animated-content\" href=\"https:\/\/olympiquesspeciauxquebec.ca\/wp-content\/uploads\/2026\/04\/IMG_8160-1.jpg\" data-elementor-open-lightbox=\"yes\" data-elementor-lightbox-slideshow=\"56046dd\" data-elementor-lightbox-title=\"IMG_8160.jpg\" data-e-action-hash=\"#elementor-action%3Aaction%3Dlightbox%26settings%3DeyJpZCI6ODAxNywidXJsIjoiaHR0cHM6XC9cL29seW1waXF1ZXNzcGVjaWF1eHF1ZWJlYy5jYVwvd3AtY29udGVudFwvdXBsb2Fkc1wvMjAyNlwvMDRcL0lNR184MTYwLTEuanBnIiwic2xpZGVzaG93IjoiNTYwNDZkZCJ9\">\n\t\t\t\t\t<div class=\"e-gallery-image elementor-gallery-item__image\" data-thumbnail=\"https:\/\/olympiquesspeciauxquebec.ca\/wp-content\/uploads\/2026\/04\/IMG_8160-1-300x200.jpg\" data-width=\"300\" data-height=\"200\" aria-label=\"\" role=\"img\" ><\/div>\n\t\t\t\t\t\t\t\t\t\t\t<div class=\"elementor-gallery-item__overlay\"><\/div>\n\t\t\t\t\t\t\t\t\t\t\t\t\t\t<\/a>\n\t\t\t\t\t<\/div>\n\t\t\t\t\t<\/div>\n\t\t\t\t<\/div>\n\t\t\t\t<div class=\"elementor-element elementor-element-752b269 elementor-widget elementor-widget-heading\" data-id=\"752b269\" data-element_type=\"widget\" data-e-type=\"widget\" data-widget_type=\"heading.default\">\n\t\t\t\t<div class=\"elementor-widget-container\">\n\t\t\t\t\t<h3 class=\"elementor-heading-title elementor-size-default\">Partagez...<\/h3>\t\t\t\t<\/div>\n\t\t\t\t<\/div>\n\t\t\t\t<div class=\"elementor-element elementor-element-10fdc10 elementor-share-buttons--shape-rounded elementor-share-buttons--view-icon-text elementor-share-buttons--skin-gradient elementor-grid-0 elementor-share-buttons--color-official elementor-widget elementor-widget-share-buttons\" data-id=\"10fdc10\" data-element_type=\"widget\" data-e-type=\"widget\" data-widget_type=\"share-buttons.default\">\n\t\t\t\t<div class=\"elementor-widget-container\">\n\t\t\t\t\t\t\t<div class=\"elementor-grid\" role=\"list\">\n\t\t\t\t\t\t\t\t<div class=\"elementor-grid-item\" role=\"listitem\">\n\t\t\t\t\t\t<div class=\"elementor-share-btn elementor-share-btn_facebook\" role=\"button\" tabindex=\"0\" aria-label=\"Share on facebook\">\n\t\t\t\t\t\t\t\t\t\t\t\t\t\t\t<span class=\"elementor-share-btn__icon\">\n\t\t\t\t\t\t\t\t<i class=\"fab fa-facebook\" aria-hidden=\"true\"><\/i>\t\t\t\t\t\t\t<\/span>\n\t\t\t\t\t\t\t\t\t\t\t\t\t\t\t\t\t\t\t\t\t\t<div class=\"elementor-share-btn__text\">\n\t\t\t\t\t\t\t\t\t\t\t\t\t\t\t\t\t\t\t<span class=\"elementor-share-btn__title\">\n\t\t\t\t\t\t\t\t\t\tFacebook\t\t\t\t\t\t\t\t\t<\/span>\n\t\t\t\t\t\t\t\t\t\t\t\t\t\t\t\t\t<\/div>\n\t\t\t\t\t\t\t\t\t\t\t\t\t<\/div>\n\t\t\t\t\t<\/div>\n\t\t\t\t\t\t\t\t\t<div class=\"elementor-grid-item\" role=\"listitem\">\n\t\t\t\t\t\t<div class=\"elementor-share-btn elementor-share-btn_twitter\" role=\"button\" tabindex=\"0\" aria-label=\"Share on twitter\">\n\t\t\t\t\t\t\t\t\t\t\t\t\t\t\t<span class=\"elementor-share-btn__icon\">\n\t\t\t\t\t\t\t\t<i class=\"fab fa-twitter\" aria-hidden=\"true\"><\/i>\t\t\t\t\t\t\t<\/span>\n\t\t\t\t\t\t\t\t\t\t\t\t\t\t\t\t\t\t\t\t\t\t<div class=\"elementor-share-btn__text\">\n\t\t\t\t\t\t\t\t\t\t\t\t\t\t\t\t\t\t\t<span class=\"elementor-share-btn__title\">\n\t\t\t\t\t\t\t\t\t\tTwitter\t\t\t\t\t\t\t\t\t<\/span>\n\t\t\t\t\t\t\t\t\t\t\t\t\t\t\t\t\t<\/div>\n\t\t\t\t\t\t\t\t\t\t\t\t\t<\/div>\n\t\t\t\t\t<\/div>\n\t\t\t\t\t\t\t\t\t<div class=\"elementor-grid-item\" role=\"listitem\">\n\t\t\t\t\t\t<div class=\"elementor-share-btn elementor-share-btn_linkedin\" role=\"button\" tabindex=\"0\" aria-label=\"Share on linkedin\">\n\t\t\t\t\t\t\t\t\t\t\t\t\t\t\t<span class=\"elementor-share-btn__icon\">\n\t\t\t\t\t\t\t\t<i class=\"fab fa-linkedin\" aria-hidden=\"true\"><\/i>\t\t\t\t\t\t\t<\/span>\n\t\t\t\t\t\t\t\t\t\t\t\t\t\t\t\t\t\t\t\t\t\t<div class=\"elementor-share-btn__text\">\n\t\t\t\t\t\t\t\t\t\t\t\t\t\t\t\t\t\t\t<span class=\"elementor-share-btn__title\">\n\t\t\t\t\t\t\t\t\t\tLinkedIn\t\t\t\t\t\t\t\t\t<\/span>\n\t\t\t\t\t\t\t\t\t\t\t\t\t\t\t\t\t<\/div>\n\t\t\t\t\t\t\t\t\t\t\t\t\t<\/div>\n\t\t\t\t\t<\/div>\n\t\t\t\t\t\t<\/div>\n\t\t\t\t\t\t<\/div>\n\t\t\t\t<\/div>\n\t\t\t\t\t<\/div>\n\t\t<\/div>\n\t\t\t\t<div class=\"elementor-column elementor-col-50 elementor-top-column elementor-element elementor-element-f025dc2\" data-id=\"f025dc2\" data-element_type=\"column\" data-e-type=\"column\">\n\t\t\t<div class=\"elementor-widget-wrap elementor-element-populated\">\n\t\t\t\t\t\t<div class=\"elementor-element elementor-element-5bcbad5 elementor-widget elementor-widget-template\" data-id=\"5bcbad5\" data-element_type=\"widget\" data-e-type=\"widget\" data-widget_type=\"template.default\">\n\t\t\t\t<div class=\"elementor-widget-container\">\n\t\t\t\t\t\t\t<div class=\"elementor-template\">\n\t\t\t\t\t<div data-elementor-type=\"section\" data-elementor-id=\"1958\" class=\"elementor elementor-1958 elementor-1313 elementor-1313\" data-elementor-post-type=\"elementor_library\">\n\t\t\t\t\t<section class=\"elementor-section elementor-top-section elementor-element elementor-element-477101e elementor-section-full_width elementor-section-content-top elementor-section-height-default elementor-section-height-default\" data-id=\"477101e\" data-element_type=\"section\" data-e-type=\"section\">\n\t\t\t\t\t\t<div class=\"elementor-container elementor-column-gap-default\">\n\t\t\t\t\t<div class=\"elementor-column elementor-col-100 elementor-top-column elementor-element elementor-element-ba53bb9\" data-id=\"ba53bb9\" data-element_type=\"column\" data-e-type=\"column\">\n\t\t\t<div class=\"elementor-widget-wrap elementor-element-populated\">\n\t\t\t\t\t\t<div class=\"elementor-element elementor-element-34d6ff9 elementor-widget elementor-widget-heading\" data-id=\"34d6ff9\" data-element_type=\"widget\" data-e-type=\"widget\" data-widget_type=\"heading.default\">\n\t\t\t\t<div class=\"elementor-widget-container\">\n\t\t\t\t\t<h2 class=\"elementor-heading-title elementor-size-default\">Recent news\n<\/h2>\t\t\t\t<\/div>\n\t\t\t\t<\/div>\n\t\t\t\t<div class=\"elementor-element elementor-element-db274c7 elementor-widget elementor-widget-shortcode\" data-id=\"db274c7\" data-element_type=\"widget\" data-e-type=\"widget\" data-widget_type=\"shortcode.default\">\n\t\t\t\t<div class=\"elementor-widget-container\">\n\t\t\t\t\t\n\t\t\t\t\n     \n\t\t\t<div class=\"elementor-element elementor-element-83cedc2 elementor-element-34d6ff9 elementor-widget elementor-widget-heading\" data-id=\"83cedc2\" data-element_type=\"widget\" data-widget_type=\"heading.default\">\n\t\t\t\t<div class=\"elementor-widget-container\">\n\t\t\t\t\t<h2 class=\"elementor-heading-title elementor-size-default\"> Upcoming events <\/h2>\t\t\n\t\t\t\t<\/div>\n\t\t\t<\/div>\n\n       \n\t\t<div class=\"elementor-element elementor-element-5d4bce3  elementor-element-87d8761 elementor-grid-1 elementor-posts--thumbnail-left elementor-posts--align-left elementor-grid-tablet-2 elementor-grid-mobile-1 elementor-widget elementor-widget-posts\" data-id=\"87d8761\" data-element_type=\"widget\" data-settings=\"{&quot;classic_columns&quot;:&quot;1&quot;,&quot;classic_row_gap&quot;:{&quot;unit&quot;:&quot;px&quot;,&quot;size&quot;:45,&quot;sizes&quot;:[]},&quot;classic_columns_tablet&quot;:&quot;2&quot;,&quot;classic_columns_mobile&quot;:&quot;1&quot;,&quot;classic_row_gap_tablet&quot;:{&quot;unit&quot;:&quot;px&quot;,&quot;size&quot;:&quot;&quot;,&quot;sizes&quot;:[]},&quot;classic_row_gap_mobile&quot;:{&quot;unit&quot;:&quot;px&quot;,&quot;size&quot;:&quot;&quot;,&quot;sizes&quot;:[]}}\" data-widget_type=\"posts.classic\">\n\t\t\t\t<div class=\"elementor-widget-container\"> \n\t\t\t \t\t<div class=\"elementor-posts-container elementor-posts elementor-posts--skin-classic elementor-grid elementor-has-item-ratio\">\n    \n\t\t\t<\/div>\n\t\t<\/div> \n    <\/div>\n\t\t<div class=\"elementor-shortcode\"><\/div>\n\t\t\t\t\t\t<\/div>\n\t\t\t\t<\/div>\n\t\t\t\t\t<\/div>\n\t\t<\/div>\n\t\t\t\t\t<\/div>\n\t\t<\/section>\n\t\t\t\t<\/div>\n\t\t\t\t<\/div>\n\t\t\t\t\t\t<\/div>\n\t\t\t\t<\/div>\n\t\t\t\t\t<\/div>\n\t\t<\/div>\n\t\t\t\t\t<\/div>\n\t\t<\/section>\n\t\t\t\t<\/div>\n\t\t","protected":false},"excerpt":{"rendered":"<p>On Friday, April 24, a long-awaited moment finally arrived: the presentation of a check for $325,907.11, the amount raised through the 2026 Polar Bear Challenge&#8230;<\/p>\n","protected":false},"author":2,"featured_media":8029,"comment_status":"closed","ping_status":"closed","sticky":false,"template":"elementor_header_footer","format":"standard","meta":{"_acf_changed":false,"site-sidebar-layout":"default","site-content-layout":"","ast-site-content-layout":"default","site-content-style":"default","site-sidebar-style":"default","ast-global-header-display":"","ast-banner-title-visibility":"","ast-main-header-display":"","ast-hfb-above-header-display":"","ast-hfb-below-header-display":"","ast-hfb-mobile-header-display":"","site-post-title":"disabled","ast-breadcrumbs-content":"","ast-featured-img":"","footer-sml-layout":"","ast-disable-related-posts":"","theme-transparent-header-meta":"","adv-header-id-meta":"","stick-header-meta":"","header-above-stick-meta":"","header-main-stick-meta":"","header-below-stick-meta":"","astra-migrate-meta-layouts":"set","ast-page-background-enabled":"default","ast-page-background-meta":{"desktop":{"background-color":"var(--ast-global-color-4)","background-image":"","background-repeat":"repeat","background-position":"center center","background-size":"auto","background-attachment":"scroll","background-type":"","background-media":"","overlay-type":"","overlay-color":"","overlay-opacity":"","overlay-gradient":""},"tablet":{"background-color":"","background-image":"","background-repeat":"repeat","background-position":"center center","background-size":"auto","background-attachment":"scroll","background-type":"","background-media":"","overlay-type":"","overlay-color":"","overlay-opacity":"","overlay-gradient":""},"mobile":{"background-color":"","background-image":"","background-repeat":"repeat","background-position":"center center","background-size":"auto","background-attachment":"scroll","background-type":"","background-media":"","overlay-type":"","overlay-color":"","overlay-opacity":"","overlay-gradient":""}},"ast-content-background-meta":{"desktop":{"background-color":"var(--ast-global-color-5)","background-image":"","background-repeat":"repeat","background-position":"center center","background-size":"auto","background-attachment":"scroll","background-type":"","background-media":"","overlay-type":"","overlay-color":"","overlay-opacity":"","overlay-gradient":""},"tablet":{"background-color":"var(--ast-global-color-5)","background-image":"","background-repeat":"repeat","background-position":"center center","background-size":"auto","background-attachment":"scroll","background-type":"","background-media":"","overlay-type":"","overlay-color":"","overlay-opacity":"","overlay-gradient":""},"mobile":{"background-color":"var(--ast-global-color-5)","background-image":"","background-repeat":"repeat","background-position":"center center","background-size":"auto","background-attachment":"scroll","background-type":"","background-media":"","overlay-type":"","overlay-color":"","overlay-opacity":"","overlay-gradient":""}},"footnotes":""},"categories":[24],"tags":[],"class_list":["post-8033","post","type-post","status-publish","format-standard","has-post-thumbnail","hentry","category-nouvelles-en"],"acf":[],"yoast_head":"<!-- This site is optimized with the Yoast SEO plugin v26.9 - https:\/\/yoast.com\/product\/yoast-seo-wordpress\/ -->\n<title>2026 Polar Bear Challenge: A campaign with far-reaching impact! - Olympiques sp\u00e9ciaux Qu\u00e9bec<\/title>\n<meta name=\"robots\" content=\"index, follow, max-snippet:-1, max-image-preview:large, max-video-preview:-1\" \/>\n<link rel=\"canonical\" href=\"https:\/\/olympiquesspeciauxquebec.ca\/en\/2026-polar-bear-challenge-a-campaign-with-far-reaching-impact\/\" \/>\n<meta property=\"og:locale\" content=\"en_US\" \/>\n<meta property=\"og:type\" content=\"article\" \/>\n<meta property=\"og:title\" content=\"2026 Polar Bear Challenge: A campaign with far-reaching impact! - Olympiques sp\u00e9ciaux Qu\u00e9bec\" \/>\n<meta property=\"og:description\" content=\"On Friday, April 24, a long-awaited moment finally arrived: the presentation of a check for $325,907.11, the amount raised through the 2026 Polar Bear Challenge...\" \/>\n<meta property=\"og:url\" content=\"https:\/\/olympiquesspeciauxquebec.ca\/en\/2026-polar-bear-challenge-a-campaign-with-far-reaching-impact\/\" \/>\n<meta property=\"og:site_name\" content=\"Olympiques sp\u00e9ciaux Qu\u00e9bec\" \/>\n<meta property=\"article:publisher\" content=\"https:\/\/www.facebook.com\/olympiquesspeciauxquebec\" \/>\n<meta property=\"article:published_time\" content=\"2026-04-28T21:34:22+00:00\" \/>\n<meta property=\"article:modified_time\" content=\"2026-04-28T21:52:05+00:00\" \/>\n<meta property=\"og:image\" content=\"https:\/\/olympiquesspeciauxquebec.ca\/wp-content\/uploads\/2026\/04\/IMG_6426-2-small.jpg\" \/>\n\t<meta property=\"og:image:width\" content=\"2000\" \/>\n\t<meta property=\"og:image:height\" content=\"1378\" \/>\n\t<meta property=\"og:image:type\" content=\"image\/jpeg\" \/>\n<meta name=\"author\" content=\"Yvan Labelle\" \/>\n<meta name=\"twitter:card\" content=\"summary_large_image\" \/>\n<meta name=\"twitter:creator\" content=\"@AthletesOSQ\" \/>\n<meta name=\"twitter:site\" content=\"@AthletesOSQ\" \/>\n<meta name=\"twitter:label1\" content=\"Written by\" \/>\n\t<meta name=\"twitter:data1\" content=\"Yvan Labelle\" \/>\n\t<meta name=\"twitter:label2\" content=\"Est. reading time\" \/>\n\t<meta name=\"twitter:data2\" content=\"5 minutes\" \/>\n<script type=\"application\/ld+json\" class=\"yoast-schema-graph\">{\"@context\":\"https:\/\/schema.org\",\"@graph\":[{\"@type\":\"Article\",\"@id\":\"https:\/\/olympiquesspeciauxquebec.ca\/en\/2026-polar-bear-challenge-a-campaign-with-far-reaching-impact\/#article\",\"isPartOf\":{\"@id\":\"https:\/\/olympiquesspeciauxquebec.ca\/en\/2026-polar-bear-challenge-a-campaign-with-far-reaching-impact\/\"},\"author\":{\"name\":\"Yvan Labelle\",\"@id\":\"https:\/\/olympiquesspeciauxquebec.ca\/#\/schema\/person\/038abc0c02ad642a1f43cafe796ecdc7\"},\"headline\":\"2026 Polar Bear Challenge: A campaign with far-reaching impact!\",\"datePublished\":\"2026-04-28T21:34:22+00:00\",\"dateModified\":\"2026-04-28T21:52:05+00:00\",\"mainEntityOfPage\":{\"@id\":\"https:\/\/olympiquesspeciauxquebec.ca\/en\/2026-polar-bear-challenge-a-campaign-with-far-reaching-impact\/\"},\"wordCount\":592,\"publisher\":{\"@id\":\"https:\/\/olympiquesspeciauxquebec.ca\/#organization\"},\"image\":{\"@id\":\"https:\/\/olympiquesspeciauxquebec.ca\/en\/2026-polar-bear-challenge-a-campaign-with-far-reaching-impact\/#primaryimage\"},\"thumbnailUrl\":\"https:\/\/olympiquesspeciauxquebec.ca\/wp-content\/uploads\/2026\/04\/IMG_6426-2-small.jpg\",\"articleSection\":[\"Nouvelles\"],\"inLanguage\":\"en-US\"},{\"@type\":\"WebPage\",\"@id\":\"https:\/\/olympiquesspeciauxquebec.ca\/en\/2026-polar-bear-challenge-a-campaign-with-far-reaching-impact\/\",\"url\":\"https:\/\/olympiquesspeciauxquebec.ca\/en\/2026-polar-bear-challenge-a-campaign-with-far-reaching-impact\/\",\"name\":\"2026 Polar Bear Challenge: A campaign with far-reaching impact! - Olympiques sp\u00e9ciaux Qu\u00e9bec\",\"isPartOf\":{\"@id\":\"https:\/\/olympiquesspeciauxquebec.ca\/#website\"},\"primaryImageOfPage\":{\"@id\":\"https:\/\/olympiquesspeciauxquebec.ca\/en\/2026-polar-bear-challenge-a-campaign-with-far-reaching-impact\/#primaryimage\"},\"image\":{\"@id\":\"https:\/\/olympiquesspeciauxquebec.ca\/en\/2026-polar-bear-challenge-a-campaign-with-far-reaching-impact\/#primaryimage\"},\"thumbnailUrl\":\"https:\/\/olympiquesspeciauxquebec.ca\/wp-content\/uploads\/2026\/04\/IMG_6426-2-small.jpg\",\"datePublished\":\"2026-04-28T21:34:22+00:00\",\"dateModified\":\"2026-04-28T21:52:05+00:00\",\"breadcrumb\":{\"@id\":\"https:\/\/olympiquesspeciauxquebec.ca\/en\/2026-polar-bear-challenge-a-campaign-with-far-reaching-impact\/#breadcrumb\"},\"inLanguage\":\"en-US\",\"potentialAction\":[{\"@type\":\"ReadAction\",\"target\":[\"https:\/\/olympiquesspeciauxquebec.ca\/en\/2026-polar-bear-challenge-a-campaign-with-far-reaching-impact\/\"]}]},{\"@type\":\"ImageObject\",\"inLanguage\":\"en-US\",\"@id\":\"https:\/\/olympiquesspeciauxquebec.ca\/en\/2026-polar-bear-challenge-a-campaign-with-far-reaching-impact\/#primaryimage\",\"url\":\"https:\/\/olympiquesspeciauxquebec.ca\/wp-content\/uploads\/2026\/04\/IMG_6426-2-small.jpg\",\"contentUrl\":\"https:\/\/olympiquesspeciauxquebec.ca\/wp-content\/uploads\/2026\/04\/IMG_6426-2-small.jpg\",\"width\":2000,\"height\":1378},{\"@type\":\"BreadcrumbList\",\"@id\":\"https:\/\/olympiquesspeciauxquebec.ca\/en\/2026-polar-bear-challenge-a-campaign-with-far-reaching-impact\/#breadcrumb\",\"itemListElement\":[{\"@type\":\"ListItem\",\"position\":1,\"name\":\"Home\",\"item\":\"https:\/\/olympiquesspeciauxquebec.ca\/en\/\"},{\"@type\":\"ListItem\",\"position\":2,\"name\":\"2026 Polar Bear Challenge: A campaign with far-reaching impact!\"}]},{\"@type\":\"WebSite\",\"@id\":\"https:\/\/olympiquesspeciauxquebec.ca\/#website\",\"url\":\"https:\/\/olympiquesspeciauxquebec.ca\/\",\"name\":\"Olympiques sp\u00e9ciaux Qu\u00e9bec\",\"description\":\"Olympiques sp\u00e9ciaux Qu\u00e9bec\",\"publisher\":{\"@id\":\"https:\/\/olympiquesspeciauxquebec.ca\/#organization\"},\"potentialAction\":[{\"@type\":\"SearchAction\",\"target\":{\"@type\":\"EntryPoint\",\"urlTemplate\":\"https:\/\/olympiquesspeciauxquebec.ca\/?s={search_term_string}\"},\"query-input\":{\"@type\":\"PropertyValueSpecification\",\"valueRequired\":true,\"valueName\":\"search_term_string\"}}],\"inLanguage\":\"en-US\"},{\"@type\":\"Organization\",\"@id\":\"https:\/\/olympiquesspeciauxquebec.ca\/#organization\",\"name\":\"Olympiques sp\u00e9ciaux Qu\u00e9bec\",\"url\":\"https:\/\/olympiquesspeciauxquebec.ca\/\",\"logo\":{\"@type\":\"ImageObject\",\"inLanguage\":\"en-US\",\"@id\":\"https:\/\/olympiquesspeciauxquebec.ca\/#\/schema\/logo\/image\/\",\"url\":\"https:\/\/olympiquesspeciauxquebec.ca\/wp-content\/uploads\/2023\/04\/logo.png\",\"contentUrl\":\"https:\/\/olympiquesspeciauxquebec.ca\/wp-content\/uploads\/2023\/04\/logo.png\",\"width\":1280,\"height\":384,\"caption\":\"Olympiques sp\u00e9ciaux Qu\u00e9bec\"},\"image\":{\"@id\":\"https:\/\/olympiquesspeciauxquebec.ca\/#\/schema\/logo\/image\/\"},\"sameAs\":[\"https:\/\/www.facebook.com\/olympiquesspeciauxquebec\",\"https:\/\/x.com\/AthletesOSQ\",\"https:\/\/www.instagram.com\/olympiques_speciaux_qc\/\",\"https:\/\/www.linkedin.com\/company\/olympiques-speciaux-quebec\/\",\"https:\/\/www.youtube.com\/@olympiquesspeciauxquebec2145\"]},{\"@type\":\"Person\",\"@id\":\"https:\/\/olympiquesspeciauxquebec.ca\/#\/schema\/person\/038abc0c02ad642a1f43cafe796ecdc7\",\"name\":\"Yvan Labelle\",\"image\":{\"@type\":\"ImageObject\",\"inLanguage\":\"en-US\",\"@id\":\"https:\/\/olympiquesspeciauxquebec.ca\/#\/schema\/person\/image\/\",\"url\":\"https:\/\/secure.gravatar.com\/avatar\/0ad8f7743aa180e514616c5d055f24fdfae4adb5214f5a0305badf72c60a1e1a?s=96&d=mm&r=g\",\"contentUrl\":\"https:\/\/secure.gravatar.com\/avatar\/0ad8f7743aa180e514616c5d055f24fdfae4adb5214f5a0305badf72c60a1e1a?s=96&d=mm&r=g\",\"caption\":\"Yvan Labelle\"},\"url\":\"https:\/\/olympiquesspeciauxquebec.ca\/en\/author\/yvan-labelle\/\"}]}<\/script>\n<!-- \/ Yoast SEO plugin. -->","yoast_head_json":{"title":"2026 Polar Bear Challenge: A campaign with far-reaching impact! - Olympiques sp\u00e9ciaux Qu\u00e9bec","robots":{"index":"index","follow":"follow","max-snippet":"max-snippet:-1","max-image-preview":"max-image-preview:large","max-video-preview":"max-video-preview:-1"},"canonical":"https:\/\/olympiquesspeciauxquebec.ca\/en\/2026-polar-bear-challenge-a-campaign-with-far-reaching-impact\/","og_locale":"en_US","og_type":"article","og_title":"2026 Polar Bear Challenge: A campaign with far-reaching impact! - Olympiques sp\u00e9ciaux Qu\u00e9bec","og_description":"On Friday, April 24, a long-awaited moment finally arrived: the presentation of a check for $325,907.11, the amount raised through the 2026 Polar Bear Challenge...","og_url":"https:\/\/olympiquesspeciauxquebec.ca\/en\/2026-polar-bear-challenge-a-campaign-with-far-reaching-impact\/","og_site_name":"Olympiques sp\u00e9ciaux Qu\u00e9bec","article_publisher":"https:\/\/www.facebook.com\/olympiquesspeciauxquebec","article_published_time":"2026-04-28T21:34:22+00:00","article_modified_time":"2026-04-28T21:52:05+00:00","og_image":[{"width":2000,"height":1378,"url":"https:\/\/olympiquesspeciauxquebec.ca\/wp-content\/uploads\/2026\/04\/IMG_6426-2-small.jpg","type":"image\/jpeg"}],"author":"Yvan Labelle","twitter_card":"summary_large_image","twitter_creator":"@AthletesOSQ","twitter_site":"@AthletesOSQ","twitter_misc":{"Written by":"Yvan Labelle","Est. reading time":"5 minutes"},"schema":{"@context":"https:\/\/schema.org","@graph":[{"@type":"Article","@id":"https:\/\/olympiquesspeciauxquebec.ca\/en\/2026-polar-bear-challenge-a-campaign-with-far-reaching-impact\/#article","isPartOf":{"@id":"https:\/\/olympiquesspeciauxquebec.ca\/en\/2026-polar-bear-challenge-a-campaign-with-far-reaching-impact\/"},"author":{"name":"Yvan Labelle","@id":"https:\/\/olympiquesspeciauxquebec.ca\/#\/schema\/person\/038abc0c02ad642a1f43cafe796ecdc7"},"headline":"2026 Polar Bear Challenge: A campaign with far-reaching impact!","datePublished":"2026-04-28T21:34:22+00:00","dateModified":"2026-04-28T21:52:05+00:00","mainEntityOfPage":{"@id":"https:\/\/olympiquesspeciauxquebec.ca\/en\/2026-polar-bear-challenge-a-campaign-with-far-reaching-impact\/"},"wordCount":592,"publisher":{"@id":"https:\/\/olympiquesspeciauxquebec.ca\/#organization"},"image":{"@id":"https:\/\/olympiquesspeciauxquebec.ca\/en\/2026-polar-bear-challenge-a-campaign-with-far-reaching-impact\/#primaryimage"},"thumbnailUrl":"https:\/\/olympiquesspeciauxquebec.ca\/wp-content\/uploads\/2026\/04\/IMG_6426-2-small.jpg","articleSection":["Nouvelles"],"inLanguage":"en-US"},{"@type":"WebPage","@id":"https:\/\/olympiquesspeciauxquebec.ca\/en\/2026-polar-bear-challenge-a-campaign-with-far-reaching-impact\/","url":"https:\/\/olympiquesspeciauxquebec.ca\/en\/2026-polar-bear-challenge-a-campaign-with-far-reaching-impact\/","name":"2026 Polar Bear Challenge: A campaign with far-reaching impact! - Olympiques sp\u00e9ciaux Qu\u00e9bec","isPartOf":{"@id":"https:\/\/olympiquesspeciauxquebec.ca\/#website"},"primaryImageOfPage":{"@id":"https:\/\/olympiquesspeciauxquebec.ca\/en\/2026-polar-bear-challenge-a-campaign-with-far-reaching-impact\/#primaryimage"},"image":{"@id":"https:\/\/olympiquesspeciauxquebec.ca\/en\/2026-polar-bear-challenge-a-campaign-with-far-reaching-impact\/#primaryimage"},"thumbnailUrl":"https:\/\/olympiquesspeciauxquebec.ca\/wp-content\/uploads\/2026\/04\/IMG_6426-2-small.jpg","datePublished":"2026-04-28T21:34:22+00:00","dateModified":"2026-04-28T21:52:05+00:00","breadcrumb":{"@id":"https:\/\/olympiquesspeciauxquebec.ca\/en\/2026-polar-bear-challenge-a-campaign-with-far-reaching-impact\/#breadcrumb"},"inLanguage":"en-US","potentialAction":[{"@type":"ReadAction","target":["https:\/\/olympiquesspeciauxquebec.ca\/en\/2026-polar-bear-challenge-a-campaign-with-far-reaching-impact\/"]}]},{"@type":"ImageObject","inLanguage":"en-US","@id":"https:\/\/olympiquesspeciauxquebec.ca\/en\/2026-polar-bear-challenge-a-campaign-with-far-reaching-impact\/#primaryimage","url":"https:\/\/olympiquesspeciauxquebec.ca\/wp-content\/uploads\/2026\/04\/IMG_6426-2-small.jpg","contentUrl":"https:\/\/olympiquesspeciauxquebec.ca\/wp-content\/uploads\/2026\/04\/IMG_6426-2-small.jpg","width":2000,"height":1378},{"@type":"BreadcrumbList","@id":"https:\/\/olympiquesspeciauxquebec.ca\/en\/2026-polar-bear-challenge-a-campaign-with-far-reaching-impact\/#breadcrumb","itemListElement":[{"@type":"ListItem","position":1,"name":"Home","item":"https:\/\/olympiquesspeciauxquebec.ca\/en\/"},{"@type":"ListItem","position":2,"name":"2026 Polar Bear Challenge: A campaign with far-reaching impact!"}]},{"@type":"WebSite","@id":"https:\/\/olympiquesspeciauxquebec.ca\/#website","url":"https:\/\/olympiquesspeciauxquebec.ca\/","name":"Olympiques sp\u00e9ciaux Qu\u00e9bec","description":"Olympiques sp\u00e9ciaux Qu\u00e9bec","publisher":{"@id":"https:\/\/olympiquesspeciauxquebec.ca\/#organization"},"potentialAction":[{"@type":"SearchAction","target":{"@type":"EntryPoint","urlTemplate":"https:\/\/olympiquesspeciauxquebec.ca\/?s={search_term_string}"},"query-input":{"@type":"PropertyValueSpecification","valueRequired":true,"valueName":"search_term_string"}}],"inLanguage":"en-US"},{"@type":"Organization","@id":"https:\/\/olympiquesspeciauxquebec.ca\/#organization","name":"Olympiques sp\u00e9ciaux Qu\u00e9bec","url":"https:\/\/olympiquesspeciauxquebec.ca\/","logo":{"@type":"ImageObject","inLanguage":"en-US","@id":"https:\/\/olympiquesspeciauxquebec.ca\/#\/schema\/logo\/image\/","url":"https:\/\/olympiquesspeciauxquebec.ca\/wp-content\/uploads\/2023\/04\/logo.png","contentUrl":"https:\/\/olympiquesspeciauxquebec.ca\/wp-content\/uploads\/2023\/04\/logo.png","width":1280,"height":384,"caption":"Olympiques sp\u00e9ciaux Qu\u00e9bec"},"image":{"@id":"https:\/\/olympiquesspeciauxquebec.ca\/#\/schema\/logo\/image\/"},"sameAs":["https:\/\/www.facebook.com\/olympiquesspeciauxquebec","https:\/\/x.com\/AthletesOSQ","https:\/\/www.instagram.com\/olympiques_speciaux_qc\/","https:\/\/www.linkedin.com\/company\/olympiques-speciaux-quebec\/","https:\/\/www.youtube.com\/@olympiquesspeciauxquebec2145"]},{"@type":"Person","@id":"https:\/\/olympiquesspeciauxquebec.ca\/#\/schema\/person\/038abc0c02ad642a1f43cafe796ecdc7","name":"Yvan Labelle","image":{"@type":"ImageObject","inLanguage":"en-US","@id":"https:\/\/olympiquesspeciauxquebec.ca\/#\/schema\/person\/image\/","url":"https:\/\/secure.gravatar.com\/avatar\/0ad8f7743aa180e514616c5d055f24fdfae4adb5214f5a0305badf72c60a1e1a?s=96&d=mm&r=g","contentUrl":"https:\/\/secure.gravatar.com\/avatar\/0ad8f7743aa180e514616c5d055f24fdfae4adb5214f5a0305badf72c60a1e1a?s=96&d=mm&r=g","caption":"Yvan Labelle"},"url":"https:\/\/olympiquesspeciauxquebec.ca\/en\/author\/yvan-labelle\/"}]}},"_links":{"self":[{"href":"https:\/\/olympiquesspeciauxquebec.ca\/en\/wp-json\/wp\/v2\/posts\/8033","targetHints":{"allow":["GET"]}}],"collection":[{"href":"https:\/\/olympiquesspeciauxquebec.ca\/en\/wp-json\/wp\/v2\/posts"}],"about":[{"href":"https:\/\/olympiquesspeciauxquebec.ca\/en\/wp-json\/wp\/v2\/types\/post"}],"author":[{"embeddable":true,"href":"https:\/\/olympiquesspeciauxquebec.ca\/en\/wp-json\/wp\/v2\/users\/2"}],"replies":[{"embeddable":true,"href":"https:\/\/olympiquesspeciauxquebec.ca\/en\/wp-json\/wp\/v2\/comments?post=8033"}],"version-history":[{"count":4,"href":"https:\/\/olympiquesspeciauxquebec.ca\/en\/wp-json\/wp\/v2\/posts\/8033\/revisions"}],"predecessor-version":[{"id":8037,"href":"https:\/\/olympiquesspeciauxquebec.ca\/en\/wp-json\/wp\/v2\/posts\/8033\/revisions\/8037"}],"wp:featuredmedia":[{"embeddable":true,"href":"https:\/\/olympiquesspeciauxquebec.ca\/en\/wp-json\/wp\/v2\/media\/8029"}],"wp:attachment":[{"href":"https:\/\/olympiquesspeciauxquebec.ca\/en\/wp-json\/wp\/v2\/media?parent=8033"}],"wp:term":[{"taxonomy":"category","embeddable":true,"href":"https:\/\/olympiquesspeciauxquebec.ca\/en\/wp-json\/wp\/v2\/categories?post=8033"},{"taxonomy":"post_tag","embeddable":true,"href":"https:\/\/olympiquesspeciauxquebec.ca\/en\/wp-json\/wp\/v2\/tags?post=8033"}],"curies":[{"name":"wp","href":"https:\/\/api.w.org\/{rel}","templated":true}]}}